{"id":1259,"date":"2016-11-17T19:44:00","date_gmt":"2016-11-17T19:44:00","guid":{"rendered":"http:\/\/www.cudecoop.coop\/cudecoop\/?p=1259"},"modified":"2016-11-17T19:44:00","modified_gmt":"2016-11-17T19:44:00","slug":"estamos-terminando-una-semana-de-intenso-trabajo","status":"publish","type":"post","link":"http:\/\/www.cudecoop.coop\/cudecoop\/estamos-terminando-una-semana-de-intenso-trabajo\/","title":{"rendered":"Estamos terminando una semana de intenso trabajo"},"content":{"rendered":"<p>Con m\u00e1s de 1200 participantes activos, este viernes culminar\u00e1 una semana de intenso trabajo de la IV Cumbre Cooperativa de las Am\u00e9ricas. La misma se viene desarrollando desde el lunes 14 de noviembre, en Montevideo, instalaciones del Radisson, Victoria Plaza.<\/p>\n<p>Para cerrar la semana, este viernes 18 de noviembre a la ma\u00f1ana, contaremos con la participaci\u00f3n especial del expresidente de la Rep\u00fablica, Jos\u00e9 Pepe Mujica.  <\/p>\n<p>A partir de las 9h se realizar\u00e1n las ponencias de la cooperativa Portuaria de Argentina y de Lu\u00eds Eduardo Salcedo, Gerente Asociativo de la Cooperativa Financiera de Medell\u00edn (COOFINEP). Al concluir estas presentaciones, se realizar\u00e1 la participaci\u00f3n especial del ex \u009d presidente de la Rep\u00fablica, Jos\u00e9 Mujica, hora 10 aproximadamente.<\/p>\n<p>Gerardo Caetano ser\u00e1 quien realice la Conferencia de Clausura, donde expondr\u00e1 su ponencia \u009dDesarrollo sostenible: Raz\u00f3n hist\u00f3rica y proyecci\u00f3n de la acci\u00f3n cooperativa\u009d hora 11. Posteriormente se realizar\u00e1 la lectura de las conclusiones finales, orientadas a establecer las metas de las pol\u00edticas del cooperativismo para los pr\u00f3ximos a\u00f1os. <\/p>\n<p>Dado que el cooperativismo nacional se encuentra en el proceso de formalizaci\u00f3n de la Escuela Nacional del Cooperativismo, ma\u00f1ana tambi\u00e9n se firmar\u00e1 un convenio marco entre ESCOOP, Facultad de cooperativismo de Brasil, y la Confederaci\u00f3n Uruguaya de Entidades Cooperativas, CUDECOOP.<\/p>\n","protected":false},"excerpt":{"rendered":"<p>Con m\u00e1s de 1200 participantes activos, este viernes culminar\u00e1 una semana de intenso trabajo de la IV Cumbre Cooperativa de las Am\u00e9ricas. La misma se viene desarrollando desde el lunes 14 de noviembre, en Montevideo, instalaciones del Radisson, Victoria Plaza.<\/p>\n","protected":false},"author":1,"featured_media":0,"comment_status":"closed","ping_status":"Open","sticky":false,"template":"","format":"standard","meta":{"_acf_changed":false,"ngg_post_thumbnail":0,"footnotes":""},"categories":[7],"tags":[],"class_list":["post-1259","post","type-post","status-publish","format-standard","hentry","category-cooperativas"],"acf":[],"_links":{"self":[{"href":"http:\/\/www.cudecoop.coop\/cudecoop\/wp-json\/wp\/v2\/posts\/1259","targetHints":{"allow":["GET"]}}],"collection":[{"href":"http:\/\/www.cudecoop.coop\/cudecoop\/wp-json\/wp\/v2\/posts"}],"about":[{"href":"http:\/\/www.cudecoop.coop\/cudecoop\/wp-json\/wp\/v2\/types\/post"}],"author":[{"embeddable":true,"href":"http:\/\/www.cudecoop.coop\/cudecoop\/wp-json\/wp\/v2\/users\/1"}],"replies":[{"embeddable":true,"href":"http:\/\/www.cudecoop.coop\/cudecoop\/wp-json\/wp\/v2\/comments?post=1259"}],"version-history":[{"count":0,"href":"http:\/\/www.cudecoop.coop\/cudecoop\/wp-json\/wp\/v2\/posts\/1259\/revisions"}],"wp:attachment":[{"href":"http:\/\/www.cudecoop.coop\/cudecoop\/wp-json\/wp\/v2\/media?parent=1259"}],"wp:term":[{"taxonomy":"category","embeddable":true,"href":"http:\/\/www.cudecoop.coop\/cudecoop\/wp-json\/wp\/v2\/categories?post=1259"},{"taxonomy":"post_tag","embeddable":true,"href":"http:\/\/www.cudecoop.coop\/cudecoop\/wp-json\/wp\/v2\/tags?post=1259"}],"curies":[{"name":"wp","href":"https:\/\/api.w.org\/{rel}","templated":true}]}}