{"id":1257,"date":"2016-11-16T12:28:00","date_gmt":"2016-11-16T12:28:00","guid":{"rendered":"http:\/\/www.cudecoop.coop\/cudecoop\/?p=1257"},"modified":"2016-11-16T12:28:00","modified_gmt":"2016-11-16T12:28:00","slug":"brindis-inaugural","status":"publish","type":"post","link":"http:\/\/www.cudecoop.coop\/cudecoop\/brindis-inaugural\/","title":{"rendered":"Brindis Inaugural"},"content":{"rendered":"<p>El martes 15 de noviembre, con una confluencia mayor a mil personas, se realiz\u00f3 en instalaciones del Audiotorio Nacional Adela Reta, la ceremonia inaugural de la IV Cumbre Cooperativa de las Am\u00e9ricas.<\/p>\n<p>En horas de la tarde, se dio cita a los participantes de la Cumbre y a otros allegados del movimiento cooperativo nacional, en uno de los principales auditorios de la capital uruguaya, contando as\u00ed con un clima ameno y elegante para celebrar el comienzo de este evento. <\/p>\n<p>Los maestros de ceremonia dieron la bienvenida a los cooperativistas de las Am\u00e9ricas y el mundo y dieron paso a subir al escenario al Sr. Manuel Mari\u00f1o, director regional de Coooperativas de las Am\u00e9ricas, a la Dra. Graciela Fern\u00e1ndez, presidenta de la Confederaci\u00f3n Uruguaya de Entidades Cooperativas, al Sr. Ernesto Murro, ministro de Trabajo y Seguridad Social y al Ing. Daniel Mart\u00ednez, intendente de Montevideo, quien lleg\u00f3 comenzada la ceremonia. <\/p>\n<p>Continuado esto, se invit\u00f3 a los ni\u00f1os de la escuela n\u00ba 197, Ana Bruzzone de Scarone, para Personas Sordas y con Alteraciones del Lenguaje, que interpretaron en lengua de se\u00f1as uruguaya, el Himno Nacional. <\/p>\n<p>Continuado esto, se realizaron los respectivos discursos protocolares de parte de los oradores, para luego continuar con un emotivo homenaje al Sr. Miguel Cardozo, un referente del cooperativismo nacional que ha aportado una gran contribuci\u00f3n a lo largo de su vida como militante y gran impulsor de varias obras destacadas para el movimiento cooperativo.<\/p>\n<p>Terminado el homenaje, se invit\u00f3 al escenario al Dr. Ariel Guarco y al Dr. Eudes de Freitas, presidentes I y II de Cooperativas de las Am\u00e9ricas, y a la presidenta del Comit\u00e9 Regional de Equidad de G\u00e9nero de esta organizaci\u00f3n, para dar la bienvenida a los nuevos miembros de la Alianza Cooperativa Internacional. <\/p>\n<p>Para cerrar la ceremonia en escenario, se dio paso a la Orquesta Juvenil del Sodre, quienes realizaron una interpretaci\u00f3n de m\u00fasica popular del R\u00edo de la Plata. Quienes fueron acompa\u00f1ados por Nelson Pino, gran int\u00e9rprete uruguayo de tango. <\/p>\n<p>Al finalizar se comparti\u00f3 un brindis en el hall principal del Auditorio, acompa\u00f1ados por un Chill out Candombe Sesion.<\/p>\n","protected":false},"excerpt":{"rendered":"<p>El martes 15 de noviembre, con una confluencia mayor a mil personas, se realiz\u00f3 en instalaciones del Audiotorio Nacional Adela Reta, la ceremonia inaugural de la IV Cumbre Cooperativa de las Am\u00e9ricas.<\/p>\n","protected":false},"author":1,"featured_media":0,"comment_status":"closed","ping_status":"Open","sticky":false,"template":"","format":"standard","meta":{"_acf_changed":false,"ngg_post_thumbnail":0,"footnotes":""},"categories":[7],"tags":[],"class_list":["post-1257","post","type-post","status-publish","format-standard","hentry","category-cooperativas"],"acf":[],"_links":{"self":[{"href":"http:\/\/www.cudecoop.coop\/cudecoop\/wp-json\/wp\/v2\/posts\/1257","targetHints":{"allow":["GET"]}}],"collection":[{"href":"http:\/\/www.cudecoop.coop\/cudecoop\/wp-json\/wp\/v2\/posts"}],"about":[{"href":"http:\/\/www.cudecoop.coop\/cudecoop\/wp-json\/wp\/v2\/types\/post"}],"author":[{"embeddable":true,"href":"http:\/\/www.cudecoop.coop\/cudecoop\/wp-json\/wp\/v2\/users\/1"}],"replies":[{"embeddable":true,"href":"http:\/\/www.cudecoop.coop\/cudecoop\/wp-json\/wp\/v2\/comments?post=1257"}],"version-history":[{"count":0,"href":"http:\/\/www.cudecoop.coop\/cudecoop\/wp-json\/wp\/v2\/posts\/1257\/revisions"}],"wp:attachment":[{"href":"http:\/\/www.cudecoop.coop\/cudecoop\/wp-json\/wp\/v2\/media?parent=1257"}],"wp:term":[{"taxonomy":"category","embeddable":true,"href":"http:\/\/www.cudecoop.coop\/cudecoop\/wp-json\/wp\/v2\/categories?post=1257"},{"taxonomy":"post_tag","embeddable":true,"href":"http:\/\/www.cudecoop.coop\/cudecoop\/wp-json\/wp\/v2\/tags?post=1257"}],"curies":[{"name":"wp","href":"https:\/\/api.w.org\/{rel}","templated":true}]}}