{"id":1255,"date":"2016-11-16T11:03:00","date_gmt":"2016-11-16T11:03:00","guid":{"rendered":"http:\/\/www.cudecoop.coop\/cudecoop\/?p=1255"},"modified":"2016-11-16T11:03:00","modified_gmt":"2016-11-16T11:03:00","slug":"exposiciones-en-el-eje-de-economia-social-y-solidaria","status":"publish","type":"post","link":"http:\/\/www.cudecoop.coop\/cudecoop\/exposiciones-en-el-eje-de-economia-social-y-solidaria\/","title":{"rendered":"Exposiciones en el Eje de Econom\u00eda Social y Solidaria"},"content":{"rendered":"<p>En el marco de la IV Cumbre Cooperativa de las Am\u00e9ricas que se est\u00e1 desarrollando en el Hotel Radisson de Montevideo (Uruguay), uno de los ejes abordados durante la primera jornada fue el de Econom\u00eda Social y Solidaria y Estrategias para su fortalecimiento.<\/p>\n<p>En la ma\u00f1ana se realizaron dos paneles de exposici\u00f3n con dos disertantes en cada uno. En el primero hicieron uso de la palabra la brasile\u00f1a Nelsa Nespolo (representante de Justa Trama, Brasil) y el argentino Ariel Guarco, quien preside COOPERAR.<\/p>\n<p>Nespolo se\u00f1al\u00f3 en su discurso que alrededor de dos millones de ciudada\u00f1os brasile\u00f1os eligieron la Econom\u00eda Social y Solidaria como forma de vida, y que la misma busca un contrapunto con el actual sistema capitalista. Asimismo, coment\u00f3 que se busca a trav\u00e9s de  esta idea la provocaci\u00f3n de encontrar los valores del cooperativismo, sobre todo en nuevas \u00e1reas sociales. Hizo \u00e9nfasis en que es necesario que las autoridades gubernamentales se comprometan con la causa a trav\u00e9s de pol\u00edticas que apoyen la causa de los trabajadores, y que las mismas sean permanentes con leyes importantes para ellos.<\/p>\n<p>En cu\u00e1nto a estrategias planteadas, plante\u00f3 una estrategia horizontal basada en la formaci\u00f3n de organizaciones de redes a nivel nacional y entre los distintos pa\u00edses, una vertical inspirada en las cadenas de producci\u00f3n y adem\u00e1s sugiri\u00f3 que se debe atraer a la juventud hacia el cooperativismo.<\/p>\n<p>Nespolo tambi\u00e9n dijo que las mujeres deben tomar un rol protag\u00f3nico en la Econom\u00eda Social y Solidaria y que deben ser valorizadas.<\/p>\n<p>Por su parte Guarco comenz\u00f3 su alocuci\u00f3n mencionando que actualmente vivimos en un mundo en el que el porcentaje de riqueza se concentra cada vez m\u00e1s en menos personas y el mismo se vuelve cada vez m\u00e1s pobre. Continu\u00f3 diciendo que se debe trabajar por la democracia a nivel econ\u00f3mico paralelamente a la democracia pol\u00edtica.<\/p>\n<p>Expuso algunas experiencias innovadoras que han sido probadas en Argentina, como por ejemplo las Redes de Cooperativas de trabajo, la integraci\u00f3n entre la producci\u00f3n y el consumo, la existencia de grupos cooperativos de desarrollo local y la integraci\u00f3n en Infotelecomunicaciones, es decir, grupos cooperativos de medios de comunicaci\u00f3n, formados por canales de televisi\u00f3n, radios y publicaciones de prensa escrita (diarios).<\/p>\n<p>Se refiri\u00f3 tambi\u00e9n al concepto de INTEGRACI\u00d3N en el territorio argentino, aprovechando el potencial que tienen las cooperativas en las distintas regiones de su pa\u00eds, citando el ejemplo de una Red de Municipios Cooperativos y las Organizaciones Nacionales de C\u00fapula, que est\u00e1n articuladas en una estrategia tanto a nivel regional como global. Sostuvo adem\u00e1s que se debe trabajar para la integraci\u00f3n con otros sectores de la sociedad, impulsando espacios de di\u00e1logo e integraci\u00f3n con organizaciones vinculados a la peque\u00f1a y mediana empresa (PYMES), sindicatos, universidades y organizaciones confesionales.<\/p>\n<p><b>Enfoques desde los distintos pa\u00edses y su impacto social y econ\u00f3mico<\/b><\/p>\n<p>El segundo panel cont\u00f3 con la exposici\u00f3n de la costarricense Mar\u00eda Auxiliadora L\u00f3pez y la uruguaya Mar\u00eda Noel L\u00f3pez.<\/p>\n<p>Mar\u00eda Auxiliadora L\u00f3pez bas\u00f3 su discurso en base a datos extra\u00eddos del Encuentro Preparatorio de la Cumbre que fue realizado en su pa\u00eds. Dijo que se busca que las empresas tengan \u00e9xito pero bas\u00e1ndose en el capital humano.<\/p>\n<p>\u009dSer cooperativista es ayudar para poder ayudar a otros\u009d mencion\u00f3 en un momento de su oratoria, para continuar con el mismo, aludiendo a que la Econom\u00eda Social y Solidaria promueve la legalidad, el empleo y la distribuci\u00f3n equitativa. Las cooperativas contribuyen a la Econom\u00eda Social y Solidaria mediante ayudas, subsidios y entregas de dividendos, como as\u00ed tambi\u00e9n involucr\u00e1ndose en programas de Responsabilidad Social Empresarial (RSE).<\/p>\n<p>Finaliz\u00f3 diciendo que todo esto deber\u00eda ser divulgado por los medios de comunicaci\u00f3n para convertirlo en tema de inter\u00e9s nacional.<\/p>\n<p>Por su parte, Mar\u00eda Noel L\u00f3pez, integrante del Circulo Cat\u00f3lico de Obreros del Uruguay (organizaci\u00f3n que presta servicios de salud), comenz\u00f3 contando datos de su lugar de trabajo, que actualmente emplea a 2200 trabajadores.<\/p>\n<p>Destac\u00f3 que el medio cultural debe ser el promotor de los modelos de la Econom\u00eda Social y Solidaria. Desarroll\u00f3 el concepto de Mutualismo comentando que el mismo alude a \u009dbrindarse ayuda econ\u00f3mica frente a ciertas contingencias\u009d, adem\u00e1s del desarrollo de actividades mutuales y gremiales, el fortalecimiento de sentimientos patri\u00f3ticos y la creaci\u00f3n de instituciones, tanto educativas como sanitarias.<\/p>\n<p>L\u00f3pez puso hincapi\u00e9 en que hoy se debe impulsar una econom\u00eda m\u00e1s humana, basada en la idea de que el hombre se puede relacionar con sus pares de forma solidaria y cooperativa, para proveerle sus medios de vida, y al mismo tiempo construir un mundo m\u00e1s justo y fraternal para todos.<\/p>\n<p>Tras el corte programado para el almuerzo, se ten\u00eda prevista la realizaci\u00f3n de un trabajo en grupos entre los participantes del eje. Las ideas propuestas en el mismo ser\u00edan expuestas a debate entre ellos, para cerrar la actividad con la redacci\u00f3n del informe de la Redactoria de la Mesa y el cierre formal de la misma a cargo del dominicano Mario Ram\u00f3n Olivo, miembro del Consejo de Administraci\u00f3n de Cooperativas de las Am\u00e9ricas.<\/p>\n","protected":false},"excerpt":{"rendered":"<p>En el marco de la IV Cumbre Cooperativa de las Am\u00e9ricas que se est\u00e1 desarrollando en el Hotel Radisson de Montevideo (Uruguay), uno de los ejes abordados durante la primera jornada fue el de Econom\u00eda Social y Solidaria y Estrategias para su fortalecimiento.<\/p>\n","protected":false},"author":1,"featured_media":0,"comment_status":"closed","ping_status":"Open","sticky":false,"template":"","format":"standard","meta":{"_acf_changed":false,"ngg_post_thumbnail":0,"footnotes":""},"categories":[7],"tags":[],"class_list":["post-1255","post","type-post","status-publish","format-standard","hentry","category-cooperativas"],"acf":[],"_links":{"self":[{"href":"http:\/\/www.cudecoop.coop\/cudecoop\/wp-json\/wp\/v2\/posts\/1255","targetHints":{"allow":["GET"]}}],"collection":[{"href":"http:\/\/www.cudecoop.coop\/cudecoop\/wp-json\/wp\/v2\/posts"}],"about":[{"href":"http:\/\/www.cudecoop.coop\/cudecoop\/wp-json\/wp\/v2\/types\/post"}],"author":[{"embeddable":true,"href":"http:\/\/www.cudecoop.coop\/cudecoop\/wp-json\/wp\/v2\/users\/1"}],"replies":[{"embeddable":true,"href":"http:\/\/www.cudecoop.coop\/cudecoop\/wp-json\/wp\/v2\/comments?post=1255"}],"version-history":[{"count":0,"href":"http:\/\/www.cudecoop.coop\/cudecoop\/wp-json\/wp\/v2\/posts\/1255\/revisions"}],"wp:attachment":[{"href":"http:\/\/www.cudecoop.coop\/cudecoop\/wp-json\/wp\/v2\/media?parent=1255"}],"wp:term":[{"taxonomy":"category","embeddable":true,"href":"http:\/\/www.cudecoop.coop\/cudecoop\/wp-json\/wp\/v2\/categories?post=1255"},{"taxonomy":"post_tag","embeddable":true,"href":"http:\/\/www.cudecoop.coop\/cudecoop\/wp-json\/wp\/v2\/tags?post=1255"}],"curies":[{"name":"wp","href":"https:\/\/api.w.org\/{rel}","templated":true}]}}