{"id":1254,"date":"2016-11-15T13:31:00","date_gmt":"2016-11-15T13:31:00","guid":{"rendered":"http:\/\/www.cudecoop.coop\/cudecoop\/?p=1254"},"modified":"2016-11-15T13:31:00","modified_gmt":"2016-11-15T13:31:00","slug":"hoy-es-el-momento-de-los-cooperativistas","status":"publish","type":"post","link":"http:\/\/www.cudecoop.coop\/cudecoop\/hoy-es-el-momento-de-los-cooperativistas\/","title":{"rendered":"Hoy es el momento de los cooperativistas"},"content":{"rendered":"<p>Empez\u00f3 la IV Cumbre Cooperativa de las Am\u00e9ricas<\/p>\n<p>En la ma\u00f1ana del martes 15 de noviembre, la Dra Graciela Fer\u00e1ndez dio apertura al encuentro m\u00e1s importante del cooperativismo regional,  junto al Sr. Manuel Mari\u00f1o y al Ing. Ram\u00f3n Imperial. <\/p>\n<p>&#8220;Hoy es el momento de los cooperativistas. Es el momento de que toda nuestra grente haga escuchar su voz, la cumbre es el lugar de reflexi\u00f3n, del intercambio, de visibilidad, donde las cooperativas de base que integran las federaciones y que conforman la Confederaci\u00f3n de Entidades Coooperativas del Uruguay y que conforman todas las entidades en Cooperativas de las Am\u00e9ricas planteen cu\u00e1les son los instrumentos necesarios, para que nuestra identidad sea respetada, debemos lograr que finalice el tripartismo entre el Estado, Gobierno y organizaciones sindicales, y que nuestra presencia sea tenida en cuenta en la pr\u00e1ctica diaria del quehacer cooperativo, destac\u00f3 la presidenta de CUDECOOP, delegada del Consejo de Administraci\u00f3n de Cooperativas de las Am\u00e9ricas. <\/p>\n<p>Destac\u00f3 tambi\u00e9n que los cooperativistas &#8220;tenemos nuestra identidad enmarcada en principios y valores, no tenemos que salir a buscar nada, ya lo tenemos&#8221; continu\u00f3 diciendo que las organizaciones nacionales, las organizaciones que integran a la Confederaci\u00f3n, han realizado un esfuerzo important\u00edsimo para que &#8220;ustedes cooperativistas de todas las Am\u00e9ricas, se sientan acogidos en Uruguay, se sientan bienvenidos y saquen resultado de esta Cumbre&#8221;<\/p>\n<p>Por otro lado, el Sr. Manuel Mari\u00f1o, agradeci\u00f3 el esfuerzo a personas y organizaciones  por dedicar la semana a estar en la Cumbre. Aludiendo al Eje 1 de la IV Cumbre, se\u00f1al\u00f3 &#8220;Creemos que los ejes de esta cumbre juegan en el desarrollo nacional, regional y en el de nuestras cooperativas. C\u00f3mo podemos influenciar en el poder y desarrollo del mercado&#8221; Prosigui\u00f3, con el eje 2, de la econom\u00eda social y solidaria y qu\u00e9 estrategias tenemos o podemos implementar para el fortalecimiento del sector de la econom\u00eda social y solidaria. &#8220;Como cooperativistas somos parte de la econom\u00eda social y solidaria y podemos liderar a ese sector por una serie de caracter\u00edsticas que el movimiento cooperativo tiene desde hace m\u00e1s de cien a\u00f1os. Tenemos que jugar nuestro papel y liderarlo.&#8221; Y por \u00faltimo, se refiri\u00f3 al eje 3, los objetivos de desarrollo sostenible, &#8220;pretendemos con este tema, poder llegar a la conclusi\u00f3n concreta con que de qu\u00e9 forma el movimiento cooperativo puede implementar los objetivos de desarrollo sostenible, y de qu\u00e9 forma el movimiento cooperativo puede contribuir a la implementaci\u00f3n de ellos, y mostrar la fuerza del movimiento cooperativo en todo el mundo.&#8221; conlcuy\u00f3 el Director Regional de ACI Am\u00e9ricas.<\/p>\n<p>El Ing. Ram\u00f3n Imperial en nombre del Consejo de Administraci\u00f3n de Cooperativas de las Am\u00e9ricas, agradeci\u00f3 p\u00fablicamente el trabajo realizado por los compa\u00f1eros uruguayos, por su esmero y dedicaci\u00f3n. &#8220;Est\u00e1 todo preparado, ahora es momento de trabajar todos en las actividades. Podremos compartir experiencias y vivencias que es lo que se busca en estas cumbres. Al final de esta semana tendremos el documento declaratorio, en esto el Consejo de Cooperativas de las Am\u00e9ricas ha dedicado tiempo y esfuerzo.&#8221; indic\u00f3 el presidente de Cooperativas de las Am\u00e9ricas.<\/p>\n","protected":false},"excerpt":{"rendered":"<p>Empez\u00f3 la IV Cumbre Cooperativa de las Am\u00e9ricas<\/p>\n","protected":false},"author":1,"featured_media":0,"comment_status":"closed","ping_status":"Open","sticky":false,"template":"","format":"standard","meta":{"_acf_changed":false,"ngg_post_thumbnail":0,"footnotes":""},"categories":[7],"tags":[],"class_list":["post-1254","post","type-post","status-publish","format-standard","hentry","category-cooperativas"],"acf":[],"_links":{"self":[{"href":"http:\/\/www.cudecoop.coop\/cudecoop\/wp-json\/wp\/v2\/posts\/1254","targetHints":{"allow":["GET"]}}],"collection":[{"href":"http:\/\/www.cudecoop.coop\/cudecoop\/wp-json\/wp\/v2\/posts"}],"about":[{"href":"http:\/\/www.cudecoop.coop\/cudecoop\/wp-json\/wp\/v2\/types\/post"}],"author":[{"embeddable":true,"href":"http:\/\/www.cudecoop.coop\/cudecoop\/wp-json\/wp\/v2\/users\/1"}],"replies":[{"embeddable":true,"href":"http:\/\/www.cudecoop.coop\/cudecoop\/wp-json\/wp\/v2\/comments?post=1254"}],"version-history":[{"count":0,"href":"http:\/\/www.cudecoop.coop\/cudecoop\/wp-json\/wp\/v2\/posts\/1254\/revisions"}],"wp:attachment":[{"href":"http:\/\/www.cudecoop.coop\/cudecoop\/wp-json\/wp\/v2\/media?parent=1254"}],"wp:term":[{"taxonomy":"category","embeddable":true,"href":"http:\/\/www.cudecoop.coop\/cudecoop\/wp-json\/wp\/v2\/categories?post=1254"},{"taxonomy":"post_tag","embeddable":true,"href":"http:\/\/www.cudecoop.coop\/cudecoop\/wp-json\/wp\/v2\/tags?post=1254"}],"curies":[{"name":"wp","href":"https:\/\/api.w.org\/{rel}","templated":true}]}}