{"id":1253,"date":"2016-11-13T16:12:00","date_gmt":"2016-11-13T16:12:00","guid":{"rendered":"http:\/\/www.cudecoop.coop\/cudecoop\/?p=1253"},"modified":"2016-11-13T16:12:00","modified_gmt":"2016-11-13T16:12:00","slug":"se-dio-comienzo-a-la-lxv-reunion-del-consejo-de-administracion-de-cooperativas-de-las-americas","status":"publish","type":"post","link":"http:\/\/www.cudecoop.coop\/cudecoop\/se-dio-comienzo-a-la-lxv-reunion-del-consejo-de-administracion-de-cooperativas-de-las-americas\/","title":{"rendered":"Se dio comienzo a la LXV Reuni\u00f3n del Consejo de Administraci\u00f3n de Cooperativas de las Am\u00e9ricas"},"content":{"rendered":"<p>En el marco de la IV Cumbre Cooperativa de las Am\u00e9ricas, se est\u00e1 realizando hoy domingo 13 de noviembre, el Consejo de Administraci\u00f3n.<\/p>\n<p>Uruguay representado por la Dra. Graciela Fern\u00e1ndez, presidenta de la Confederaci\u00f3n, presenta un material audiovisual como pa\u00eds anfitri\u00f3n, para dar a conocer al resto de los integrantes del Consejo la historia del movimiento cooperativo nacional, cu\u00e1l es la actualidad del mismo y hacia d\u00f3nde se proyecta. <\/p>\n<p>Por otro lado, entre los temas previstos en el Consejo, est\u00e1 la definici\u00f3n del plan estrat\u00e9gico 2017 &#8211; 2020. <\/p>\n<p>Seguiremos informado.<\/p>\n","protected":false},"excerpt":{"rendered":"<p>En el marco de la IV Cumbre Cooperativa de las Am\u00e9ricas, se est\u00e1 realizando hoy domingo 13 de noviembre, el Consejo de Administraci\u00f3n.<\/p>\n","protected":false},"author":1,"featured_media":0,"comment_status":"closed","ping_status":"Open","sticky":false,"template":"","format":"standard","meta":{"_acf_changed":false,"ngg_post_thumbnail":0,"footnotes":""},"categories":[7],"tags":[],"class_list":["post-1253","post","type-post","status-publish","format-standard","hentry","category-cooperativas"],"acf":[],"_links":{"self":[{"href":"http:\/\/www.cudecoop.coop\/cudecoop\/wp-json\/wp\/v2\/posts\/1253","targetHints":{"allow":["GET"]}}],"collection":[{"href":"http:\/\/www.cudecoop.coop\/cudecoop\/wp-json\/wp\/v2\/posts"}],"about":[{"href":"http:\/\/www.cudecoop.coop\/cudecoop\/wp-json\/wp\/v2\/types\/post"}],"author":[{"embeddable":true,"href":"http:\/\/www.cudecoop.coop\/cudecoop\/wp-json\/wp\/v2\/users\/1"}],"replies":[{"embeddable":true,"href":"http:\/\/www.cudecoop.coop\/cudecoop\/wp-json\/wp\/v2\/comments?post=1253"}],"version-history":[{"count":0,"href":"http:\/\/www.cudecoop.coop\/cudecoop\/wp-json\/wp\/v2\/posts\/1253\/revisions"}],"wp:attachment":[{"href":"http:\/\/www.cudecoop.coop\/cudecoop\/wp-json\/wp\/v2\/media?parent=1253"}],"wp:term":[{"taxonomy":"category","embeddable":true,"href":"http:\/\/www.cudecoop.coop\/cudecoop\/wp-json\/wp\/v2\/categories?post=1253"},{"taxonomy":"post_tag","embeddable":true,"href":"http:\/\/www.cudecoop.coop\/cudecoop\/wp-json\/wp\/v2\/tags?post=1253"}],"curies":[{"name":"wp","href":"https:\/\/api.w.org\/{rel}","templated":true}]}}