{"id":1251,"date":"2016-11-10T18:57:00","date_gmt":"2016-11-10T18:57:00","guid":{"rendered":"http:\/\/www.cudecoop.coop\/cudecoop\/?p=1251"},"modified":"2016-11-10T18:57:00","modified_gmt":"2016-11-10T18:57:00","slug":"un-paso-sustantivo-para-el-desarrollo-de-la-educacion-cooperativa-en-uruguay","status":"publish","type":"post","link":"http:\/\/www.cudecoop.coop\/cudecoop\/un-paso-sustantivo-para-el-desarrollo-de-la-educacion-cooperativa-en-uruguay\/","title":{"rendered":"Un paso sustantivo para el desarrollo de la educaci\u00f3n cooperativa en Uruguay"},"content":{"rendered":"<p>En la tarde del 8 de noviembre, en la previa a la sesi\u00f3n del Consejo Directivo de CUDECOOP, el Instituto Nacional de Cooperativismo a trav\u00e9s de su Presidente, Gustavo Bernini, y la Confederaci\u00f3n, representada por su Presidenta, Dra. Graciela Fern\u00e1ndez y su Secretaria, Dra. Rosana Perdomo, firmaron el acuerdo por el que se pone en funcionamiento el Programa de Formaci\u00f3n Cooperativa (PROCOOP) con recursos del acuerdo INACOOP-INEFOP.<\/p>\n<p>Por este medio se acuerda la definici\u00f3n y ejecuci\u00f3n de \u009dcapacitaciones, consultor\u00edas y asistencias t\u00e9cnicas destinadas a emprendimientos cooperativos\u009d a partir de la construcci\u00f3n de demandas formativas que releve el movimiento cooperativo a trav\u00e9s de CUDECOOP.<\/p>\n<p>Para ambos Presidentes, as\u00ed como para los delegados de CUDECOOP en el Directorio de INACOOP e INEFOP, este ha sido el resultado de un importante esfuerzo de construcci\u00f3n y negociaci\u00f3n, a partir del que se abre un nuevo universo de posibilidades para dar respuesta a una de las necesidades m\u00e1s relevantes del movimiento, mejorar sus capacidades y formaci\u00f3n.<\/p>\n","protected":false},"excerpt":{"rendered":"<p>En la tarde del 8 de noviembre, en la previa a la sesi\u00f3n del Consejo Directivo de CUDECOOP, el Instituto Nacional de Cooperativismo a trav\u00e9s de su Presidente, Gustavo Bernini, y la Confederaci\u00f3n, representada por su Presidenta, Dra. Graciela Fern\u00e1ndez y su Secretaria, Dra. Rosana Perdomo, firmaron el acuerdo por el que se pone en funcionamiento el Programa de Formaci\u00f3n Cooperativa (PROCOOP) con recursos del acuerdo INACOOP-INEFOP.<\/p>\n","protected":false},"author":1,"featured_media":0,"comment_status":"closed","ping_status":"Open","sticky":false,"template":"","format":"standard","meta":{"_acf_changed":false,"ngg_post_thumbnail":0,"footnotes":""},"categories":[7],"tags":[],"class_list":["post-1251","post","type-post","status-publish","format-standard","hentry","category-cooperativas"],"acf":[],"_links":{"self":[{"href":"http:\/\/www.cudecoop.coop\/cudecoop\/wp-json\/wp\/v2\/posts\/1251","targetHints":{"allow":["GET"]}}],"collection":[{"href":"http:\/\/www.cudecoop.coop\/cudecoop\/wp-json\/wp\/v2\/posts"}],"about":[{"href":"http:\/\/www.cudecoop.coop\/cudecoop\/wp-json\/wp\/v2\/types\/post"}],"author":[{"embeddable":true,"href":"http:\/\/www.cudecoop.coop\/cudecoop\/wp-json\/wp\/v2\/users\/1"}],"replies":[{"embeddable":true,"href":"http:\/\/www.cudecoop.coop\/cudecoop\/wp-json\/wp\/v2\/comments?post=1251"}],"version-history":[{"count":0,"href":"http:\/\/www.cudecoop.coop\/cudecoop\/wp-json\/wp\/v2\/posts\/1251\/revisions"}],"wp:attachment":[{"href":"http:\/\/www.cudecoop.coop\/cudecoop\/wp-json\/wp\/v2\/media?parent=1251"}],"wp:term":[{"taxonomy":"category","embeddable":true,"href":"http:\/\/www.cudecoop.coop\/cudecoop\/wp-json\/wp\/v2\/categories?post=1251"},{"taxonomy":"post_tag","embeddable":true,"href":"http:\/\/www.cudecoop.coop\/cudecoop\/wp-json\/wp\/v2\/tags?post=1251"}],"curies":[{"name":"wp","href":"https:\/\/api.w.org\/{rel}","templated":true}]}}