{"id":1250,"date":"2016-10-11T19:34:00","date_gmt":"2016-10-11T19:34:00","guid":{"rendered":"http:\/\/www.cudecoop.coop\/cudecoop\/?p=1250"},"modified":"2016-10-11T19:34:00","modified_gmt":"2016-10-11T19:34:00","slug":"se-realizo-el-seminario-nacional-preparatorio-del-congreso-continental-y-foro-internacional-de-derecho-cooperativo","status":"publish","type":"post","link":"http:\/\/www.cudecoop.coop\/cudecoop\/se-realizo-el-seminario-nacional-preparatorio-del-congreso-continental-y-foro-internacional-de-derecho-cooperativo\/","title":{"rendered":"Se realiz\u00f3 el Seminario Nacional Preparatorio del Congreso Continental y Foro Internacional de Derecho Cooperativo"},"content":{"rendered":"<p>El pasado jueves 6 de octubre, en el Paraninfo de la Universidad de la Rep\u00fablica, se llev\u00f3 a cabo el Seminario Nacional Preparatorio del Congreso Continental y Foro Internacional de Derecho Cooperativo que se realizar\u00e1 el pr\u00f3ximo noviembre en el marco de la IV Cumbre Cooperativa de las Am\u00e9ricas.<\/p>\n<p>En la actividad se presentaron distintas ponencias relacionadas a los procesos jur\u00eddicos en materia de cooperativas en temas tales como: acto cooperativo, financiamiento cooperativo, supervisi\u00f3n estatal, corporaciones cooperativas, propiedad colectiva y aspectos normativos del cooperativismo de vivienda.  Las mismas fueron presentadas por asesores jur\u00eddicos relacionados a las instituciones y organizaciones del sector cooperativo. Parte de este material se encuentra alojado en nuestro canal de Youtube. <\/p>\n<p>El Seminario tambi\u00e9n cont\u00f3 con la participaci\u00f3n del Dr. Mario Schujman, Presidente de la Asociaci\u00f3n Iberoamericana de Derecho Cooperativo y Coordinador de la Maestr\u00eda de Entidades de la Econom\u00eda Social de la Universidad Nacional de Rosario.<\/p>\n<p>Se aprovech\u00f3 el marco del evento para realizar un reconocimiento a la trayectoria del Dr. \u00c1lvaro Faedo, ex-asesor de la Federaci\u00f3n de Cooperativas de Producci\u00f3n del Uruguay y asesor jur\u00eddico con muchos a\u00f1os de compromiso con el sector cooperativo.<\/p>\n<p>El evento cont\u00f3 con el apoyo de la Facultad de Derecho de la UdelaR.<\/p>\n","protected":false},"excerpt":{"rendered":"<p>El pasado jueves 6 de octubre, en el Paraninfo de la Universidad de la Rep\u00fablica, se llev\u00f3 a cabo el Seminario Nacional Preparatorio del Congreso Continental y Foro Internacional de Derecho Cooperativo que se realizar\u00e1 el pr\u00f3ximo noviembre en el marco de la IV Cumbre Cooperativa de las Am\u00e9ricas.<\/p>\n","protected":false},"author":1,"featured_media":0,"comment_status":"closed","ping_status":"Open","sticky":false,"template":"","format":"standard","meta":{"_acf_changed":false,"ngg_post_thumbnail":0,"footnotes":""},"categories":[7],"tags":[],"class_list":["post-1250","post","type-post","status-publish","format-standard","hentry","category-cooperativas"],"acf":[],"_links":{"self":[{"href":"http:\/\/www.cudecoop.coop\/cudecoop\/wp-json\/wp\/v2\/posts\/1250","targetHints":{"allow":["GET"]}}],"collection":[{"href":"http:\/\/www.cudecoop.coop\/cudecoop\/wp-json\/wp\/v2\/posts"}],"about":[{"href":"http:\/\/www.cudecoop.coop\/cudecoop\/wp-json\/wp\/v2\/types\/post"}],"author":[{"embeddable":true,"href":"http:\/\/www.cudecoop.coop\/cudecoop\/wp-json\/wp\/v2\/users\/1"}],"replies":[{"embeddable":true,"href":"http:\/\/www.cudecoop.coop\/cudecoop\/wp-json\/wp\/v2\/comments?post=1250"}],"version-history":[{"count":0,"href":"http:\/\/www.cudecoop.coop\/cudecoop\/wp-json\/wp\/v2\/posts\/1250\/revisions"}],"wp:attachment":[{"href":"http:\/\/www.cudecoop.coop\/cudecoop\/wp-json\/wp\/v2\/media?parent=1250"}],"wp:term":[{"taxonomy":"category","embeddable":true,"href":"http:\/\/www.cudecoop.coop\/cudecoop\/wp-json\/wp\/v2\/categories?post=1250"},{"taxonomy":"post_tag","embeddable":true,"href":"http:\/\/www.cudecoop.coop\/cudecoop\/wp-json\/wp\/v2\/tags?post=1250"}],"curies":[{"name":"wp","href":"https:\/\/api.w.org\/{rel}","templated":true}]}}