{"id":1154,"date":"2015-09-23T21:17:00","date_gmt":"2015-09-23T21:17:00","guid":{"rendered":"http:\/\/www.cudecoop.coop\/cudecoop\/?p=1154"},"modified":"2015-09-23T21:17:00","modified_gmt":"2015-09-23T21:17:00","slug":"uruguay-posible-sede-de-la-proxima-cumbre-de-cooperativas-de-las-americas-en-2016","status":"publish","type":"post","link":"http:\/\/www.cudecoop.coop\/cudecoop\/uruguay-posible-sede-de-la-proxima-cumbre-de-cooperativas-de-las-americas-en-2016\/","title":{"rendered":"Uruguay posible sede de la pr\u00f3xima Cumbre de Cooperativas de las Am\u00e9ricas en 2016"},"content":{"rendered":"<p>Con el nombre de \u201cCERRANDO BRECHAS HACIA LA VISI\u00d3N 2020\u201d la organizaci\u00f3n continental de ACI, Cooperativas de las Am\u00e9ricas, realiz\u00f3 su XIX Conferencia Regional, entre los d\u00edas 14 y 18 de setiembre, en Panam\u00e1, de la cual particip\u00f3 activamente la Presidenta de la Confederaci\u00f3n Uruguaya de Entidades Cooperativas, la Dra. Graciela Fern\u00e1ndez.<\/p>\n<p>La destacada experiencia de la Dra. Fern\u00e1ndez en el \u00e1mbito cooperativo motiv\u00f3 que fuera invitada a participar con su exposici\u00f3n &#8220;La autonom\u00eda de las cooperativas y fiscalizaci\u00f3n p\u00fablica&#8221; en el marco del &#8220;Panel de l\u00edderes cooperativos sobre marcos jur\u00eddicos&#8221;.<\/p>\n<p>Tambi\u00e9n particip\u00f3 en el Panel \u009dPol\u00edticas P\u00fablicas para la creaci\u00f3n de nuevas CTA (producci\u00f3n) del Encuentro de Cooperativas de Trabajo Asociado\u009d<\/p>\n<p>Por otra parte nuestra Presidenta tuvo a su cargo la moderaci\u00f3n del \u009dPanel de l\u00edderes cooperativos sobre SOSTENIBILIDAD\u009d y del Panel \u009dDialogo cooperativo\u009d representando al Consejo de Administraci\u00f3n Regional de Cooperativas de las Am\u00e9ricas.<\/p>\n<p>En el marco de la Conferencia Regional, tambi\u00e9n tuvo lugar una importante instancia de definiciones del Consejo de Administraci\u00f3n de Cooperativas de las Am\u00e9ricas. En este marco, y en reconocimiento al papel del cooperativismo uruguayo en los \u00faltimos tiempos, <b>se decidi\u00f3 proponer al Uruguay como sede de la pr\u00f3xima Cumbre de Cooperativas de las Am\u00e9ricas en 2016,<\/b> definici\u00f3n que habr\u00e1 de resolver pr\u00f3ximamente el Consejo Directivo de la Confederaci\u00f3n.<\/p>\n<p>Comunicaciones Institucionales<br \/>\nCUDECOOP<\/p>\n","protected":false},"excerpt":{"rendered":"<p>Con el nombre de \u201cCERRANDO BRECHAS HACIA LA VISI\u00d3N 2020\u201d la organizaci\u00f3n continental de ACI, Cooperativas de las Am\u00e9ricas, realiz\u00f3 su XIX Conferencia Regional, entre los d\u00edas 14 y 18 de setiembre, en Panam\u00e1, de la cual particip\u00f3 activamente la Presidenta de la Confederaci\u00f3n Uruguaya de Entidades Cooperativas, la Dra. Graciela Fern\u00e1ndez.<\/p>\n","protected":false},"author":1,"featured_media":1788,"comment_status":"closed","ping_status":"Open","sticky":false,"template":"","format":"standard","meta":{"_acf_changed":false,"ngg_post_thumbnail":0,"footnotes":""},"categories":[7],"tags":[],"class_list":["post-1154","post","type-post","status-publish","format-standard","has-post-thumbnail","hentry","category-cooperativas"],"acf":[],"_links":{"self":[{"href":"http:\/\/www.cudecoop.coop\/cudecoop\/wp-json\/wp\/v2\/posts\/1154","targetHints":{"allow":["GET"]}}],"collection":[{"href":"http:\/\/www.cudecoop.coop\/cudecoop\/wp-json\/wp\/v2\/posts"}],"about":[{"href":"http:\/\/www.cudecoop.coop\/cudecoop\/wp-json\/wp\/v2\/types\/post"}],"author":[{"embeddable":true,"href":"http:\/\/www.cudecoop.coop\/cudecoop\/wp-json\/wp\/v2\/users\/1"}],"replies":[{"embeddable":true,"href":"http:\/\/www.cudecoop.coop\/cudecoop\/wp-json\/wp\/v2\/comments?post=1154"}],"version-history":[{"count":0,"href":"http:\/\/www.cudecoop.coop\/cudecoop\/wp-json\/wp\/v2\/posts\/1154\/revisions"}],"wp:featuredmedia":[{"embeddable":true,"href":"http:\/\/www.cudecoop.coop\/cudecoop\/wp-json\/wp\/v2\/media\/1788"}],"wp:attachment":[{"href":"http:\/\/www.cudecoop.coop\/cudecoop\/wp-json\/wp\/v2\/media?parent=1154"}],"wp:term":[{"taxonomy":"category","embeddable":true,"href":"http:\/\/www.cudecoop.coop\/cudecoop\/wp-json\/wp\/v2\/categories?post=1154"},{"taxonomy":"post_tag","embeddable":true,"href":"http:\/\/www.cudecoop.coop\/cudecoop\/wp-json\/wp\/v2\/tags?post=1154"}],"curies":[{"name":"wp","href":"https:\/\/api.w.org\/{rel}","templated":true}]}}