{"id":1139,"date":"2015-08-31T16:30:00","date_gmt":"2015-08-31T16:30:00","guid":{"rendered":"http:\/\/www.cudecoop.coop\/cudecoop\/?p=1139"},"modified":"2015-08-31T16:30:00","modified_gmt":"2015-08-31T16:30:00","slug":"compartimos-informacion-recibida-de-confiar","status":"publish","type":"post","link":"http:\/\/www.cudecoop.coop\/cudecoop\/compartimos-informacion-recibida-de-confiar\/","title":{"rendered":"Compartimos informaci\u00f3n recibida de CONFIAR"},"content":{"rendered":"<p>En el marco del proyecto \u201cCONFIAR para CRECER, se realiz\u00f3 el d\u00eda viernes 21 de agosto, en la sala de conferencias de la Cooperativa Cintepa, en la ciudad de Juan Lacaze, un dialogo Cooperativo, que cont\u00f3 con un destacado grupo de panelistas, que disertaron sobre \u201cEl rol de la cooperativa de ahorro y cr\u00e9dito en la econom\u00eda social\u201d.<\/p>\n<p>La actividad, form\u00f3 parte de la agenda de actividades de \u00a8A 30 a\u00f1os M\u00e1s Democracia, propuesta y desarrollada por la Presidencia de la C\u00e1mara de Diputados<br \/>\nLa mesa estuvo integrada por:<br \/>\nEl Sr. presidente de CINTEPA, N\u00e9stor Alcaire; el Sr. presidente de CONFIAR, Palmiro Sanguinetti; Presidente de CUCAT, Alfredo Hallo, en representaci\u00f3n de la IMC de Colonia, el Sr. Director de Desarrollo Pablo Lecor; Presidente de CUDECOOP, Dra. Graciela Fernandez; y el Presidente de INACOOP; Gustavo Bernelli.<\/p>\n<p>Participaron en dicho evento,  dirigentes de todo el pa\u00eds y de nuestro departamento como el alcalde de Juan Lacaze, Dario Brugman, la alcaldesa de  Nueva Helvecia, Maria de Lima, y la presenciad de distintos actores sociales y nacionales que pusieron sobre la mesa el Rol que deben cumplir las cooperativas de ahorro y cr\u00e9dito en la econom\u00eda social de nuestro pa\u00eds.<\/p>\n<p>La actividad cont\u00f3 con la participaci\u00f3n, v\u00eda telef\u00f3nica ya que en ese momento se realizaba en el Parlamento la interpelaci\u00f3n a la Ministra Arismendi, del Presidente de la C\u00e1mara de Diputados, diputado Alejandro S\u00e1nchez, quien destac\u00f3 \u009d la importancia del cooperativismo en la econom\u00eda social como rol fundamental para la pol\u00edtica siendo la cooperaci\u00f3n  el camino que genera la distribuci\u00f3n de la riqueza y construye relaciones sociales diferentes en base a la cooperaci\u00f3n y a la solidaridad, valores indispensables en una sociedad m\u00e1s justa y solidaria\u009d<\/p>\n<p>En el di\u00e1logo Cooperativo organizado por Red de Cooperativas Confiar y denominado, se expuso sobre el rol de las cooperativas de ahorro y cr\u00e9dito en la econom\u00eda social y el impacto sufrido en estas con motivo de la nueva ley de inclusi\u00f3n financiera. Ley que ha afectado y mucho a las cooperativas que tratan de amoldarse a esta nueva realidad. Cudecoop en la persona de su Presidenta Graciela Fern\u00e1ndez expuso sobre el rol que debe jugar la confederaci\u00f3n en el sentido de apoyar a dichas cooperativas.<\/p>\n","protected":false},"excerpt":{"rendered":"<p>En el marco del proyecto \u201cCONFIAR para CRECER, se realiz\u00f3 el d\u00eda viernes 21 de agosto, en la sala de conferencias de la Cooperativa Cintepa, en la ciudad de Juan Lacaze, un dialogo Cooperativo, que cont\u00f3 con un destacado grupo de panelistas, que disertaron sobre \u201cEl rol de la cooperativa de ahorro y cr\u00e9dito en la econom\u00eda social\u201d.<\/p>\n","protected":false},"author":1,"featured_media":1669,"comment_status":"closed","ping_status":"Open","sticky":false,"template":"","format":"standard","meta":{"_acf_changed":false,"ngg_post_thumbnail":0,"footnotes":""},"categories":[7],"tags":[],"class_list":["post-1139","post","type-post","status-publish","format-standard","has-post-thumbnail","hentry","category-cooperativas"],"acf":[],"_links":{"self":[{"href":"http:\/\/www.cudecoop.coop\/cudecoop\/wp-json\/wp\/v2\/posts\/1139","targetHints":{"allow":["GET"]}}],"collection":[{"href":"http:\/\/www.cudecoop.coop\/cudecoop\/wp-json\/wp\/v2\/posts"}],"about":[{"href":"http:\/\/www.cudecoop.coop\/cudecoop\/wp-json\/wp\/v2\/types\/post"}],"author":[{"embeddable":true,"href":"http:\/\/www.cudecoop.coop\/cudecoop\/wp-json\/wp\/v2\/users\/1"}],"replies":[{"embeddable":true,"href":"http:\/\/www.cudecoop.coop\/cudecoop\/wp-json\/wp\/v2\/comments?post=1139"}],"version-history":[{"count":0,"href":"http:\/\/www.cudecoop.coop\/cudecoop\/wp-json\/wp\/v2\/posts\/1139\/revisions"}],"wp:featuredmedia":[{"embeddable":true,"href":"http:\/\/www.cudecoop.coop\/cudecoop\/wp-json\/wp\/v2\/media\/1669"}],"wp:attachment":[{"href":"http:\/\/www.cudecoop.coop\/cudecoop\/wp-json\/wp\/v2\/media?parent=1139"}],"wp:term":[{"taxonomy":"category","embeddable":true,"href":"http:\/\/www.cudecoop.coop\/cudecoop\/wp-json\/wp\/v2\/categories?post=1139"},{"taxonomy":"post_tag","embeddable":true,"href":"http:\/\/www.cudecoop.coop\/cudecoop\/wp-json\/wp\/v2\/tags?post=1139"}],"curies":[{"name":"wp","href":"https:\/\/api.w.org\/{rel}","templated":true}]}}