{"id":1134,"date":"2015-08-10T18:16:00","date_gmt":"2015-08-10T18:16:00","guid":{"rendered":"http:\/\/www.cudecoop.coop\/cudecoop\/?p=1134"},"modified":"2015-08-10T18:16:00","modified_gmt":"2015-08-10T18:16:00","slug":"acercando-distancias","status":"publish","type":"post","link":"http:\/\/www.cudecoop.coop\/cudecoop\/acercando-distancias\/","title":{"rendered":"Acercando Distancias"},"content":{"rendered":"<p>El pasado viernes 7 de agosto se desarrollaron  en la Ciudad de Colonia dos nuevos Talleres para docentes (Aula Cooperativa y Formaci\u00f3n de Cooperativas), enmarcados en el cronograma oportunamente dise\u00f1ado en el Programa CETP-UTU \u2013 INACOOP  &#8211; CUDECOOP<\/p>\n<p>De las instancias participaron docentes de Colonia, Mercedes y Dolores quienes a pesar de los inconvenientes de traslado (el mal tiempo determin\u00f3 crecidas de arroyos que obligaron a cambios de itinerarios, con sus consecuentes retrasos), tuvieron una muy activa participaci\u00f3n en ambas tem\u00e1ticas.<\/p>\n<p>Pero la nota distinta en esta oportunidad, fue la conexi\u00f3n en tiempo real \u009d por video conferencia \u009d con la Escuela T\u00e9cnica de Melo, donde docentes y alfabetizadores laborales de las Escuelas T\u00e9cnica y Agraria de la capital arachana  y Fraile Muerto compartieron con los compa\u00f1eros del sur m\u00e1s de cinco horas de fruct\u00edfero intercambio y aprendizaje mutuo.<\/p>\n<p>Para los t\u00e9cnicos de CUDECOOP &#8211;  encargados de facilitar y coordinar los talleres &#8211; signific\u00f3 a la vez que un desaf\u00edo, una excelente oportunidad de poner a prueba \u009d por primera vez \u009d estas nuevas herramientas tecnol\u00f3gicas que, sin pretender sustituir la instancia presencial, representan una alternativa v\u00e1lida a seguir incorporando.<\/p>\n<p>Las evaluaciones de ambas sedes fueron muy positivas y ya se est\u00e1 pensando en futuros encuentros, con la convicci\u00f3n de que una educaci\u00f3n distinta es posible y que desde el Cooperativismo podemos contribuir a ello.<\/p>\n<p>Comunicaciones Institucionales<br \/>\nCUDECOOP<\/p>\n","protected":false},"excerpt":{"rendered":"<p>El pasado viernes 7 de agosto se desarrollaron  en la Ciudad de Colonia dos nuevos Talleres para docentes (Aula Cooperativa y Formaci\u00f3n de Cooperativas), enmarcados en el cronograma oportunamente dise\u00f1ado en el Programa CETP-UTU \u2013 INACOOP  &#8211; CUDECOOP<\/p>\n","protected":false},"author":1,"featured_media":1664,"comment_status":"closed","ping_status":"Open","sticky":false,"template":"","format":"standard","meta":{"_acf_changed":false,"ngg_post_thumbnail":0,"footnotes":""},"categories":[7],"tags":[],"class_list":["post-1134","post","type-post","status-publish","format-standard","has-post-thumbnail","hentry","category-cooperativas"],"acf":[],"_links":{"self":[{"href":"http:\/\/www.cudecoop.coop\/cudecoop\/wp-json\/wp\/v2\/posts\/1134","targetHints":{"allow":["GET"]}}],"collection":[{"href":"http:\/\/www.cudecoop.coop\/cudecoop\/wp-json\/wp\/v2\/posts"}],"about":[{"href":"http:\/\/www.cudecoop.coop\/cudecoop\/wp-json\/wp\/v2\/types\/post"}],"author":[{"embeddable":true,"href":"http:\/\/www.cudecoop.coop\/cudecoop\/wp-json\/wp\/v2\/users\/1"}],"replies":[{"embeddable":true,"href":"http:\/\/www.cudecoop.coop\/cudecoop\/wp-json\/wp\/v2\/comments?post=1134"}],"version-history":[{"count":0,"href":"http:\/\/www.cudecoop.coop\/cudecoop\/wp-json\/wp\/v2\/posts\/1134\/revisions"}],"wp:featuredmedia":[{"embeddable":true,"href":"http:\/\/www.cudecoop.coop\/cudecoop\/wp-json\/wp\/v2\/media\/1664"}],"wp:attachment":[{"href":"http:\/\/www.cudecoop.coop\/cudecoop\/wp-json\/wp\/v2\/media?parent=1134"}],"wp:term":[{"taxonomy":"category","embeddable":true,"href":"http:\/\/www.cudecoop.coop\/cudecoop\/wp-json\/wp\/v2\/categories?post=1134"},{"taxonomy":"post_tag","embeddable":true,"href":"http:\/\/www.cudecoop.coop\/cudecoop\/wp-json\/wp\/v2\/tags?post=1134"}],"curies":[{"name":"wp","href":"https:\/\/api.w.org\/{rel}","templated":true}]}}