{"id":1104,"date":"2015-04-13T17:27:00","date_gmt":"2015-04-13T17:27:00","guid":{"rendered":"http:\/\/www.cudecoop.coop\/cudecoop\/?p=1104"},"modified":"2015-04-13T17:27:00","modified_gmt":"2015-04-13T17:27:00","slug":"talleres-regionales-fomentando-la-educacion-cooperativas","status":"publish","type":"post","link":"http:\/\/www.cudecoop.coop\/cudecoop\/talleres-regionales-fomentando-la-educacion-cooperativas\/","title":{"rendered":"Talleres Regionales &#8211; Fomentando la Educaci\u00f3n Cooperativas"},"content":{"rendered":"<p>En acuerdo con CAF (Cooperativas Agrarias Federadas) CUDECOOP brindar\u00e1 talleres en Salto y  Maldonado sobre los Comit\u00e9 de Educaci\u00f3n en las Cooperativas.<\/p>\n<p>La actividad es abierta, por lo que invitamos a participar a todas las cooperativas del departamento.<\/p>\n<p>El taller se realizar\u00e1 los d\u00edas mi\u00e9rcoles 22 (Salto) y mi\u00e9rcoles 29 de abril (Maldonado).<\/p>\n<p>En el siguiente link encontrar\u00e1n el programa y el formulario de pre-inscripci\u00f3n http:\/\/www.caf.org.uy\/Talleres-Regionales-Fomentando-la<\/p>\n<p>Recuerden que la Ley General de Cooperativas N\u00ba 18.407 establece en su art\u00edculo 43: &#8220;En las cooperativas de primer grado deber\u00e1 integrarse, en forma permanente, una Comisi\u00f3n de Educaci\u00f3n, Fomento e Integraci\u00f3n Cooperativa&#8221;.<\/p>\n<p>\u00a1Los esperamos!<\/p>\n","protected":false},"excerpt":{"rendered":"<p>En acuerdo con CAF (Cooperativas Agrarias Federadas) CUDECOOP brindar\u00e1 talleres en Salto y  Maldonado sobre los Comit\u00e9 de Educaci\u00f3n en las Cooperativas.<\/p>\n","protected":false},"author":1,"featured_media":1640,"comment_status":"closed","ping_status":"Open","sticky":false,"template":"","format":"standard","meta":{"_acf_changed":false,"ngg_post_thumbnail":0,"footnotes":""},"categories":[7],"tags":[],"class_list":["post-1104","post","type-post","status-publish","format-standard","has-post-thumbnail","hentry","category-cooperativas"],"acf":[],"_links":{"self":[{"href":"http:\/\/www.cudecoop.coop\/cudecoop\/wp-json\/wp\/v2\/posts\/1104","targetHints":{"allow":["GET"]}}],"collection":[{"href":"http:\/\/www.cudecoop.coop\/cudecoop\/wp-json\/wp\/v2\/posts"}],"about":[{"href":"http:\/\/www.cudecoop.coop\/cudecoop\/wp-json\/wp\/v2\/types\/post"}],"author":[{"embeddable":true,"href":"http:\/\/www.cudecoop.coop\/cudecoop\/wp-json\/wp\/v2\/users\/1"}],"replies":[{"embeddable":true,"href":"http:\/\/www.cudecoop.coop\/cudecoop\/wp-json\/wp\/v2\/comments?post=1104"}],"version-history":[{"count":0,"href":"http:\/\/www.cudecoop.coop\/cudecoop\/wp-json\/wp\/v2\/posts\/1104\/revisions"}],"wp:featuredmedia":[{"embeddable":true,"href":"http:\/\/www.cudecoop.coop\/cudecoop\/wp-json\/wp\/v2\/media\/1640"}],"wp:attachment":[{"href":"http:\/\/www.cudecoop.coop\/cudecoop\/wp-json\/wp\/v2\/media?parent=1104"}],"wp:term":[{"taxonomy":"category","embeddable":true,"href":"http:\/\/www.cudecoop.coop\/cudecoop\/wp-json\/wp\/v2\/categories?post=1104"},{"taxonomy":"post_tag","embeddable":true,"href":"http:\/\/www.cudecoop.coop\/cudecoop\/wp-json\/wp\/v2\/tags?post=1104"}],"curies":[{"name":"wp","href":"https:\/\/api.w.org\/{rel}","templated":true}]}}